{"id":99,"date":"2023-07-27T09:59:25","date_gmt":"2023-07-27T07:59:25","guid":{"rendered":"https:\/\/lebenslanges-lernen-siegen.de\/?p=99"},"modified":"2023-11-15T20:02:30","modified_gmt":"2023-11-15T19:02:30","slug":"vielseitig-europaeisches-literaturfestival-in-siegen-2-2-2-2-2-2-2-2-2-2","status":"publish","type":"post","link":"https:\/\/lebenslanges-lernen-siegen.de\/?p=99","title":{"rendered":"Digitalisierung"},"content":{"rendered":"\n<p>Das Mittelstand 4.0-Kompetenzzentrum Siegen unterst\u00fctzt kleine und mittlere Unternehmen in S\u00fcdwestfalen, dem Ruhrgebiet und dar\u00fcber hinaus dabei die Herausforderung der Digitalisierung mit im sozialpartnerschaftlichen Dialog zu meistern. Zus\u00e4tzlich werden neue Herausforderungen im Mittelstand adressiert, die bspw. eine st\u00e4rkere Nutzung k\u00fcnstlicher Intelligenz erfordern.<\/p>\n\n\n\n<div style=\"height:50px\" aria-hidden=\"true\" class=\"wp-block-spacer\"><\/div>\n\n\n\n<div class=\"wp-block-buttons is-content-justification-center is-layout-flex wp-container-core-buttons-is-layout-a89b3969 wp-block-buttons-is-layout-flex\">\n<div class=\"wp-block-button\"><a class=\"wp-block-button__link wp-element-button\" href=\"https:\/\/www.wineme.uni-siegen.de\/projekte\/mdz-lr\/\">Direkt weiter!<\/a><\/div>\n<\/div>\n","protected":false},"excerpt":{"rendered":"<p>Das Mittelstand 4.0-Kompetenzzentrum Siegen unterst\u00fctzt kleine und mittlere Unternehmen in S\u00fcdwestfalen, dem Ruhrgebiet und dar\u00fcber hinaus dabei die Herausforderung der Digitalisierung mit im sozialpartnerschaftlichen Dialog zu meistern. Zus\u00e4tzlich werden neue Herausforderungen im Mittelstand adressiert, die bspw. eine st\u00e4rkere Nutzung k\u00fcnstlicher Intelligenz erfordern.<\/p>\n","protected":false},"author":1,"featured_media":480,"comment_status":"closed","ping_status":"open","sticky":false,"template":"","format":"standard","meta":{"footnotes":""},"categories":[30],"tags":[16],"zielgruppe":[23],"class_list":["post-99","post","type-post","status-publish","format-standard","has-post-thumbnail","hentry","category-wirtschaft","tag-beratung","zielgruppe-unternehmen"],"_links":{"self":[{"href":"https:\/\/lebenslanges-lernen-siegen.de\/index.php?rest_route=\/wp\/v2\/posts\/99","targetHints":{"allow":["GET"]}}],"collection":[{"href":"https:\/\/lebenslanges-lernen-siegen.de\/index.php?rest_route=\/wp\/v2\/posts"}],"about":[{"href":"https:\/\/lebenslanges-lernen-siegen.de\/index.php?rest_route=\/wp\/v2\/types\/post"}],"author":[{"embeddable":true,"href":"https:\/\/lebenslanges-lernen-siegen.de\/index.php?rest_route=\/wp\/v2\/users\/1"}],"replies":[{"embeddable":true,"href":"https:\/\/lebenslanges-lernen-siegen.de\/index.php?rest_route=%2Fwp%2Fv2%2Fcomments&post=99"}],"version-history":[{"count":3,"href":"https:\/\/lebenslanges-lernen-siegen.de\/index.php?rest_route=\/wp\/v2\/posts\/99\/revisions"}],"predecessor-version":[{"id":482,"href":"https:\/\/lebenslanges-lernen-siegen.de\/index.php?rest_route=\/wp\/v2\/posts\/99\/revisions\/482"}],"wp:featuredmedia":[{"embeddable":true,"href":"https:\/\/lebenslanges-lernen-siegen.de\/index.php?rest_route=\/wp\/v2\/media\/480"}],"wp:attachment":[{"href":"https:\/\/lebenslanges-lernen-siegen.de\/index.php?rest_route=%2Fwp%2Fv2%2Fmedia&parent=99"}],"wp:term":[{"taxonomy":"category","embeddable":true,"href":"https:\/\/lebenslanges-lernen-siegen.de\/index.php?rest_route=%2Fwp%2Fv2%2Fcategories&post=99"},{"taxonomy":"post_tag","embeddable":true,"href":"https:\/\/lebenslanges-lernen-siegen.de\/index.php?rest_route=%2Fwp%2Fv2%2Ftags&post=99"},{"taxonomy":"zielgruppe","embeddable":true,"href":"https:\/\/lebenslanges-lernen-siegen.de\/index.php?rest_route=%2Fwp%2Fv2%2Fzielgruppe&post=99"}],"curies":[{"name":"wp","href":"https:\/\/api.w.org\/{rel}","templated":true}]}}