{"id":97,"date":"2023-07-27T09:56:49","date_gmt":"2023-07-27T07:56:49","guid":{"rendered":"https:\/\/lebenslanges-lernen-siegen.de\/?p=97"},"modified":"2023-09-20T14:30:24","modified_gmt":"2023-09-20T12:30:24","slug":"vielseitig-europaeisches-literaturfestival-in-siegen-2-2-2-2-2-2-2-2-2","status":"publish","type":"post","link":"https:\/\/lebenslanges-lernen-siegen.de\/?p=97","title":{"rendered":"Soziale Arbeit"},"content":{"rendered":"\n<p>Das Zentrum f\u00fcr Planung und Entwicklung Sozialer Dienste (ZPE) ist ein interdisziplin\u00e4res Forschungszentrum der Fakult\u00e4t II (Bildung \u2013 Architektur \u2013 K\u00fcnste) der Universit\u00e4t Siegen. Das ZPE versteht sich als Br\u00fccke zwischen Theorie- und Praxisentwicklung in den Feldern der Sozialen Arbeit, der au\u00dferschulischen Erziehung und Bildung sowie der Gesundheits- und Sozialpolitik.<\/p>\n\n\n\n<div style=\"height:50px\" aria-hidden=\"true\" class=\"wp-block-spacer\"><\/div>\n\n\n\n<div class=\"wp-block-buttons is-content-justification-center is-layout-flex wp-container-core-buttons-is-layout-a89b3969 wp-block-buttons-is-layout-flex\">\n<div class=\"wp-block-button\"><a class=\"wp-block-button__link wp-element-button\" href=\"https:\/\/zpe.uni-siegen.de\/ueber-uns\/?lang=de\" target=\"_blank\" rel=\"noreferrer noopener\">Direkt weiter!<\/a><\/div>\n<\/div>\n","protected":false},"excerpt":{"rendered":"<p>Das Zentrum f\u00fcr Planung und Entwicklung Sozialer Dienste (ZPE) ist ein interdisziplin\u00e4res Forschungszentrum der Fakult\u00e4t II (Bildung \u2013 Architektur \u2013 K\u00fcnste) der Universit\u00e4t Siegen. Das ZPE versteht sich als Br\u00fccke zwischen Theorie- und Praxisentwicklung in den Feldern der Sozialen Arbeit, der au\u00dferschulischen Erziehung und Bildung sowie der Gesundheits- und Sozialpolitik.<\/p>\n","protected":false},"author":1,"featured_media":353,"comment_status":"closed","ping_status":"open","sticky":false,"template":"","format":"standard","meta":{"footnotes":""},"categories":[22],"tags":[16],"zielgruppe":[18],"class_list":["post-97","post","type-post","status-publish","format-standard","has-post-thumbnail","hentry","category-erziehungswiss-soziale-arbeit","tag-beratung","zielgruppe-institutionen"],"_links":{"self":[{"href":"https:\/\/lebenslanges-lernen-siegen.de\/index.php?rest_route=\/wp\/v2\/posts\/97","targetHints":{"allow":["GET"]}}],"collection":[{"href":"https:\/\/lebenslanges-lernen-siegen.de\/index.php?rest_route=\/wp\/v2\/posts"}],"about":[{"href":"https:\/\/lebenslanges-lernen-siegen.de\/index.php?rest_route=\/wp\/v2\/types\/post"}],"author":[{"embeddable":true,"href":"https:\/\/lebenslanges-lernen-siegen.de\/index.php?rest_route=\/wp\/v2\/users\/1"}],"replies":[{"embeddable":true,"href":"https:\/\/lebenslanges-lernen-siegen.de\/index.php?rest_route=%2Fwp%2Fv2%2Fcomments&post=97"}],"version-history":[{"count":2,"href":"https:\/\/lebenslanges-lernen-siegen.de\/index.php?rest_route=\/wp\/v2\/posts\/97\/revisions"}],"predecessor-version":[{"id":319,"href":"https:\/\/lebenslanges-lernen-siegen.de\/index.php?rest_route=\/wp\/v2\/posts\/97\/revisions\/319"}],"wp:featuredmedia":[{"embeddable":true,"href":"https:\/\/lebenslanges-lernen-siegen.de\/index.php?rest_route=\/wp\/v2\/media\/353"}],"wp:attachment":[{"href":"https:\/\/lebenslanges-lernen-siegen.de\/index.php?rest_route=%2Fwp%2Fv2%2Fmedia&parent=97"}],"wp:term":[{"taxonomy":"category","embeddable":true,"href":"https:\/\/lebenslanges-lernen-siegen.de\/index.php?rest_route=%2Fwp%2Fv2%2Fcategories&post=97"},{"taxonomy":"post_tag","embeddable":true,"href":"https:\/\/lebenslanges-lernen-siegen.de\/index.php?rest_route=%2Fwp%2Fv2%2Ftags&post=97"},{"taxonomy":"zielgruppe","embeddable":true,"href":"https:\/\/lebenslanges-lernen-siegen.de\/index.php?rest_route=%2Fwp%2Fv2%2Fzielgruppe&post=97"}],"curies":[{"name":"wp","href":"https:\/\/api.w.org\/{rel}","templated":true}]}}