{"id":437,"date":"2023-11-06T13:19:59","date_gmt":"2023-11-06T12:19:59","guid":{"rendered":"https:\/\/lebenslanges-lernen-siegen.de\/?p=437"},"modified":"2023-11-15T19:26:37","modified_gmt":"2023-11-15T18:26:37","slug":"vielseitig-europaeisches-literaturfestival-in-siegen-2-2-2-2-2-2-3-2-2-2","status":"publish","type":"post","link":"https:\/\/lebenslanges-lernen-siegen.de\/?p=437","title":{"rendered":"Probandensuche"},"content":{"rendered":"\n<p>Die (Nachwuchs-)Wissenschaftlerinnen und (Nachwuchs-)Wissenschaftler der Universit\u00e4t Siegen suchen regelm\u00e4\u00dfig Probandinnen und Probanden f\u00fcr ihre Studien und Umfragen. Als Studienteilnehmerinnen und -teilnehmer werden Sie Teil der Forschung an der Universit\u00e4t und unterst\u00fctzen aktiv den wissenschaftlichen Fortschritt.<\/p>\n\n\n\n<div style=\"height:50px\" aria-hidden=\"true\" class=\"wp-block-spacer\"><\/div>\n\n\n\n<div class=\"wp-block-buttons is-content-justification-center is-layout-flex wp-container-core-buttons-is-layout-a89b3969 wp-block-buttons-is-layout-flex\">\n<div class=\"wp-block-button\"><a class=\"wp-block-button__link wp-element-button\" href=\"https:\/\/www.uni-siegen.de\/start\/news\/oeffentlichkeit\/990067.html\">Direkt weiter!<\/a><\/div>\n<\/div>\n","protected":false},"excerpt":{"rendered":"<p>Die (Nachwuchs-)Wissenschaftlerinnen und (Nachwuchs-)Wissenschaftler der Universit\u00e4t Siegen suchen regelm\u00e4\u00dfig Probandinnen und Probanden f\u00fcr ihre Studien und Umfragen. Als Studienteilnehmerinnen und -teilnehmer werden Sie Teil der Forschung an der Universit\u00e4t und unterst\u00fctzen aktiv den wissenschaftlichen Fortschritt.<\/p>\n","protected":false},"author":1,"featured_media":107,"comment_status":"closed","ping_status":"open","sticky":false,"template":"","format":"standard","meta":{"footnotes":""},"categories":[44],"tags":[51],"zielgruppe":[10],"class_list":["post-437","post","type-post","status-publish","format-standard","has-post-thumbnail","hentry","category-allgemein","tag-mitmachen","zielgruppe-erwachsen"],"_links":{"self":[{"href":"https:\/\/lebenslanges-lernen-siegen.de\/index.php?rest_route=\/wp\/v2\/posts\/437","targetHints":{"allow":["GET"]}}],"collection":[{"href":"https:\/\/lebenslanges-lernen-siegen.de\/index.php?rest_route=\/wp\/v2\/posts"}],"about":[{"href":"https:\/\/lebenslanges-lernen-siegen.de\/index.php?rest_route=\/wp\/v2\/types\/post"}],"author":[{"embeddable":true,"href":"https:\/\/lebenslanges-lernen-siegen.de\/index.php?rest_route=\/wp\/v2\/users\/1"}],"replies":[{"embeddable":true,"href":"https:\/\/lebenslanges-lernen-siegen.de\/index.php?rest_route=%2Fwp%2Fv2%2Fcomments&post=437"}],"version-history":[{"count":4,"href":"https:\/\/lebenslanges-lernen-siegen.de\/index.php?rest_route=\/wp\/v2\/posts\/437\/revisions"}],"predecessor-version":[{"id":461,"href":"https:\/\/lebenslanges-lernen-siegen.de\/index.php?rest_route=\/wp\/v2\/posts\/437\/revisions\/461"}],"wp:featuredmedia":[{"embeddable":true,"href":"https:\/\/lebenslanges-lernen-siegen.de\/index.php?rest_route=\/wp\/v2\/media\/107"}],"wp:attachment":[{"href":"https:\/\/lebenslanges-lernen-siegen.de\/index.php?rest_route=%2Fwp%2Fv2%2Fmedia&parent=437"}],"wp:term":[{"taxonomy":"category","embeddable":true,"href":"https:\/\/lebenslanges-lernen-siegen.de\/index.php?rest_route=%2Fwp%2Fv2%2Fcategories&post=437"},{"taxonomy":"post_tag","embeddable":true,"href":"https:\/\/lebenslanges-lernen-siegen.de\/index.php?rest_route=%2Fwp%2Fv2%2Ftags&post=437"},{"taxonomy":"zielgruppe","embeddable":true,"href":"https:\/\/lebenslanges-lernen-siegen.de\/index.php?rest_route=%2Fwp%2Fv2%2Fzielgruppe&post=437"}],"curies":[{"name":"wp","href":"https:\/\/api.w.org\/{rel}","templated":true}]}}